{"id":3253,"date":"2015-11-27T07:00:00","date_gmt":"2015-11-27T07:00:00","guid":{"rendered":"http:\/\/www.succanarias.com\/suc\/alumnos-del-ciclo-de-fp-de-tecnico-en-emergencias-sanitarias-de-los-gladiolos-visitaron-hoy-el-suc\/"},"modified":"2015-11-27T07:00:00","modified_gmt":"2015-11-27T07:00:00","slug":"alumnos-del-ciclo-de-fp-de-tecnico-en-emergencias-sanitarias-de-los-gladiolos-visitaron-hoy-el-suc","status":"publish","type":"post","link":"https:\/\/www.succanarias.com\/suc\/alumnos-del-ciclo-de-fp-de-tecnico-en-emergencias-sanitarias-de-los-gladiolos-visitaron-hoy-el-suc\/","title":{"rendered":"Alumnos del ciclo de FP de T\u00e9cnico en Emergencias Sanitarias de Los Gladiolos visitaron hoy el SUC"},"content":{"rendered":"<p><\/p>\n<p style=\"text-align: justify;\">Alumnos del ciclo de FP de T\u00e9cnico en Emergencias Sanitarias de Los Gladiolos visitaron hoy el SUC<\/p>\n<p style=\"text-align: justify;\">Los estudiantes completan su periodo de formaci\u00f3n en ambulancias y en el sector sanitario del SUC ubicado en el Centro Coordinador de Emergencias y Seguridad 1-1-2<\/p>\n<p style=\"text-align: justify;\">Los alumnos del ciclo de grado medio de Formaci\u00f3n Profesional en Emergencias Sanitarias de Los Gladiolos, visitaron hoy la sede del Servicio de Urgencias Canario (SUC) en Tenerife y conocieron de primera mano los recursos con que cuenta este servicio dependiente de la Consejer\u00eda de Sanidad del Gobierno de Canarias y en los que realizar\u00e1n su per\u00edodo de pr\u00e1cticas.<\/p>\n<p style=\"text-align: justify;\">Los profesionales del SUC mostraron a este grupo de alumnos el cometido y material con que cuentan no s\u00f3lo las ambulancias de transporte sanitario, sino el Veh\u00edculo de Intervenci\u00f3n R\u00e1pida y la Unidad M\u00f3vil de Cat\u00e1strofes.<\/p>\n<p style=\"text-align: justify;\">Durante tres meses, estos estudiantes completar\u00e1n su formaci\u00f3n en los diferentes recursos del SUC ubicados en distintas zonas de las islas, as\u00ed como en el sector sanitario ubicado en las salas operativas del Centro Coordinador de Emergencias y Seguridad (CECOES) 1-1-2 en Santa Cruz de Tenerife.<\/p>\n<p style=\"text-align: justify;\">Con la realizaci\u00f3n de estas pr\u00e1cticas, los alumnos conocer\u00e1n a fondo el trabajo que desarrollan los profesionales del SUC que atienden a diario las urgencias y emergencias sanitarias en todo el Archipi\u00e9lago, tanto en domicilios como en la v\u00eda p\u00fablica, ya que los acompa\u00f1ar\u00e1n en las guardias que realicen en las ambulancias de transporte sanitario urgente.<\/p>\n<p style=\"text-align: justify;\">Los estudiantes tendr\u00e1n tambi\u00e9n que integrarse en el sistema de turnos de los gestores de recursos del SUC que est\u00e1n presentes en las salas operativas del 1-1-2 Canarias, cuya misi\u00f3n es la de conocer en todo momento la ubicaci\u00f3n de los medios a\u00e9reos y terrestres del SUC, activarlos y movilizarlos cuando sea necesaria su intervenci\u00f3n y procesar en un programa inform\u00e1tico todos los datos recopilados por los t\u00e9cnicos, m\u00e9dicos y enfermeros que intervienen en cada servicio.<\/p>\n<p style=\"text-align: justify;\">Este acuerdo de colaboraci\u00f3n se firm\u00f3 por primera vez entre la empresa p\u00fablica Gesti\u00f3n de Servicios para la Salud y Seguridad en Canarias (GSC) y la Consejer\u00eda de Educaci\u00f3n del Ejecutivo regional en el a\u00f1o 2010, siendo ampliado por los distintos centros participantes a la vista de los resultados obtenidos en la mejora de la calidad asistencial de estos futuros profesionales.<\/p>\n<div class=\"pvc_clear\"><\/div>\n<p id=\"pvc_stats_3253\" class=\"pvc_stats all  \" data-element-id=\"3253\" style=\"\"><i class=\"pvc-stats-icon medium\" aria-hidden=\"true\"><svg aria-hidden=\"true\" focusable=\"false\" data-prefix=\"far\" data-icon=\"chart-bar\" role=\"img\" xmlns=\"http:\/\/www.w3.org\/2000\/svg\" viewBox=\"0 0 512 512\" class=\"svg-inline--fa fa-chart-bar fa-w-16 fa-2x\"><path fill=\"currentColor\" d=\"M396.8 352h22.4c6.4 0 12.8-6.4 12.8-12.8V108.8c0-6.4-6.4-12.8-12.8-12.8h-22.4c-6.4 0-12.8 6.4-12.8 12.8v230.4c0 6.4 6.4 12.8 12.8 12.8zm-192 0h22.4c6.4 0 12.8-6.4 12.8-12.8V140.8c0-6.4-6.4-12.8-12.8-12.8h-22.4c-6.4 0-12.8 6.4-12.8 12.8v198.4c0 6.4 6.4 12.8 12.8 12.8zm96 0h22.4c6.4 0 12.8-6.4 12.8-12.8V204.8c0-6.4-6.4-12.8-12.8-12.8h-22.4c-6.4 0-12.8 6.4-12.8 12.8v134.4c0 6.4 6.4 12.8 12.8 12.8zM496 400H48V80c0-8.84-7.16-16-16-16H16C7.16 64 0 71.16 0 80v336c0 17.67 14.33 32 32 32h464c8.84 0 16-7.16 16-16v-16c0-8.84-7.16-16-16-16zm-387.2-48h22.4c6.4 0 12.8-6.4 12.8-12.8v-70.4c0-6.4-6.4-12.8-12.8-12.8h-22.4c-6.4 0-12.8 6.4-12.8 12.8v70.4c0 6.4 6.4 12.8 12.8 12.8z\" class=\"\"><\/path><\/svg><\/i> <\/p>\n<div class=\"pvc_clear\"><\/div>\n<div class=\"print\"><span class=\"page_title\">P\u00e1gina: <span>Alumnos del ciclo de FP de T\u00e9cnico en Emergencias Sanitarias de Los Gladiolos visitaron hoy el SUC<\/span><\/span>\n\t\t\t\t\t\t\t\t\t\t\t<span class=\"stmp_trans_date\">\u00daltima actualizaci\u00f3n: <span>27\/11\/2015 - 07:00:00<\/span><\/span>\n\t\t\t\t\t\t\t\t\t\t\t<span class=\"stmp_trans_date\">Fecha publicaci\u00f3n: <span>27\/11\/2015 - 07:00:00<\/span><\/span>\n\t\t\t\t\t\t\t\t\t\t\t<span class=\"stmp_trans_date\">Fecha creaci\u00f3n: <span>27\/11\/2015 - 07:00:00<\/span><\/span><\/div>","protected":false},"excerpt":{"rendered":"<p>Alumnos del ciclo de FP de T\u00e9cnico en Emergencias Sanitarias de Los Gladiolos visitaron hoy el SUC Los estudiantes completan su periodo de formaci\u00f3n en ambulancias y en el sector sanitario del SUC ubicado en el Centro Coordinador de Emergencias y Seguridad 1-1-2 Los alumnos&#8230;<\/p>\n<div class=\"pvc_clear\"><\/div>\n<p id=\"pvc_stats_3253\" class=\"pvc_stats all  \" data-element-id=\"3253\" style=\"\"><i class=\"pvc-stats-icon medium\" aria-hidden=\"true\"><svg aria-hidden=\"true\" focusable=\"false\" data-prefix=\"far\" data-icon=\"chart-bar\" role=\"img\" xmlns=\"http:\/\/www.w3.org\/2000\/svg\" viewBox=\"0 0 512 512\" class=\"svg-inline--fa fa-chart-bar fa-w-16 fa-2x\"><path fill=\"currentColor\" d=\"M396.8 352h22.4c6.4 0 12.8-6.4 12.8-12.8V108.8c0-6.4-6.4-12.8-12.8-12.8h-22.4c-6.4 0-12.8 6.4-12.8 12.8v230.4c0 6.4 6.4 12.8 12.8 12.8zm-192 0h22.4c6.4 0 12.8-6.4 12.8-12.8V140.8c0-6.4-6.4-12.8-12.8-12.8h-22.4c-6.4 0-12.8 6.4-12.8 12.8v198.4c0 6.4 6.4 12.8 12.8 12.8zm96 0h22.4c6.4 0 12.8-6.4 12.8-12.8V204.8c0-6.4-6.4-12.8-12.8-12.8h-22.4c-6.4 0-12.8 6.4-12.8 12.8v134.4c0 6.4 6.4 12.8 12.8 12.8zM496 400H48V80c0-8.84-7.16-16-16-16H16C7.16 64 0 71.16 0 80v336c0 17.67 14.33 32 32 32h464c8.84 0 16-7.16 16-16v-16c0-8.84-7.16-16-16-16zm-387.2-48h22.4c6.4 0 12.8-6.4 12.8-12.8v-70.4c0-6.4-6.4-12.8-12.8-12.8h-22.4c-6.4 0-12.8 6.4-12.8 12.8v70.4c0 6.4 6.4 12.8 12.8 12.8z\" class=\"\"><\/path><\/svg><\/i> <img loading=\"lazy\" decoding=\"async\" width=\"16\" height=\"16\" alt=\"Loading\" src=\"https:\/\/www.succanarias.com\/suc\/wp-content\/plugins\/page-views-count\/ajax-loader-2x.gif\" border=0 \/><\/p>\n<div class=\"pvc_clear\"><\/div>\n","protected":false},"author":1,"featured_media":0,"comment_status":"open","ping_status":"open","sticky":false,"template":"","format":"standard","meta":{"footnotes":""},"categories":[3782],"tags":[3786,4039,4040,3784,3783,3944,4041,3785,4038],"class_list":["post-3253","post","type-post","status-publish","format-standard","has-post-thumbnail","hentry","category-ultimas-noticias","tag-canario","tag-conocer","tag-material","tag-servicio","tag-suc","tag-umcat","tag-unidad-de-catastrofes","tag-urgencias","tag-visita"],"_links":{"self":[{"href":"https:\/\/www.succanarias.com\/suc\/wp-json\/wp\/v2\/posts\/3253","targetHints":{"allow":["GET"]}}],"collection":[{"href":"https:\/\/www.succanarias.com\/suc\/wp-json\/wp\/v2\/posts"}],"about":[{"href":"https:\/\/www.succanarias.com\/suc\/wp-json\/wp\/v2\/types\/post"}],"author":[{"embeddable":true,"href":"https:\/\/www.succanarias.com\/suc\/wp-json\/wp\/v2\/users\/1"}],"replies":[{"embeddable":true,"href":"https:\/\/www.succanarias.com\/suc\/wp-json\/wp\/v2\/comments?post=3253"}],"version-history":[{"count":0,"href":"https:\/\/www.succanarias.com\/suc\/wp-json\/wp\/v2\/posts\/3253\/revisions"}],"wp:attachment":[{"href":"https:\/\/www.succanarias.com\/suc\/wp-json\/wp\/v2\/media?parent=3253"}],"wp:term":[{"taxonomy":"category","embeddable":true,"href":"https:\/\/www.succanarias.com\/suc\/wp-json\/wp\/v2\/categories?post=3253"},{"taxonomy":"post_tag","embeddable":true,"href":"https:\/\/www.succanarias.com\/suc\/wp-json\/wp\/v2\/tags?post=3253"}],"curies":[{"name":"wp","href":"https:\/\/api.w.org\/{rel}","templated":true}]}}