{"id":3322,"date":"2017-04-28T06:00:00","date_gmt":"2017-04-28T06:00:00","guid":{"rendered":"http:\/\/www.succanarias.com\/suc\/un-centenar-de-alumnos-del-ceip-el-cardon-reciben-formacion-en-primeros-auxilios-por-parte-del-suc\/"},"modified":"2017-04-28T06:00:00","modified_gmt":"2017-04-28T06:00:00","slug":"un-centenar-de-alumnos-del-ceip-el-cardon-reciben-formacion-en-primeros-auxilios-por-parte-del-suc","status":"publish","type":"post","link":"https:\/\/www.succanarias.com\/suc\/un-centenar-de-alumnos-del-ceip-el-cardon-reciben-formacion-en-primeros-auxilios-por-parte-del-suc\/","title":{"rendered":"Un centenar de alumnos del CEIP El Card\u00f3n reciben formaci\u00f3n en primeros auxilios por parte del SUC"},"content":{"rendered":"<p style=\"text-align: justify;\"><\/p>\n<p><strong>Un centenar de alumnos del CEIP El Card\u00f3n reciben formaci\u00f3n en primeros auxilios por parte del SUC<\/strong><\/p>\n<p><strong>El personal sanitario de este servicio acudi\u00f3, esta ma\u00f1ana, al centro escolar en Vecindario y ofreci\u00f3 una charla y un taller a los alumnos de 5\u00aa y 6\u00ba curso de Educaci\u00f3n Primaria<\/strong>\u00a0<\/p>\n<p>Un centenar de alumnos del CEIP El Card\u00f3n, en Vecindario (Santa Luci\u00f3 de Tirajana) recibieron, esta ma\u00f1ana, formaci\u00f3n en primeros auxilios por parte del Servicio de Urgencias Canario (SUC), adscrito a la Consejer\u00eda de Sanidad del Gobierno de Canarias.<\/p>\n<p>Durante dos horas y de manera te\u00f3rico-pr\u00e1ctica, los escolares de entre 10 y 12 a\u00f1os conocieron cu\u00e1l es la labor que desarrolla el SUC, tanto en las salas operativas del 1-1-2 Canarias, como en los distintos tipos de ambulancias, los helic\u00f3pteros o el avi\u00f3n medicalizado. Adem\u00e1s, tuvieron la oportunidad de participar en una demostraci\u00f3n de distintas t\u00e9cnicas de Primeros Auxilios, adecuadas a su edad y conocimiento; recordaron c\u00f3mo\u00a0 prevenir los accidentes y practicaron c\u00f3mo dar una alerta al 1-1-2\u00a0<\/p>\n<p>El SUC pone a disposici\u00f3n de la comunidad educativa canaria los conocimientos necesarios para actuar adecuadamente ante los incidentes sanitarios que se pueden producir en la vida diaria del alumno, ya sea en el colegio, en la calle o en el propio domicilio como, por ejemplo: atragantamiento u obstrucci\u00f3n de la v\u00eda a\u00e9rea; quemaduras; hemorragias; heridas; traumatismos; lipotimia (s\u00edncope y shock); insolaci\u00f3n y golpe de calor, entre otros. En este sentido, se insiste en las charlas que es tan importante saber qu\u00e9 hacer, como saber qu\u00e9 no hacer para no empeorar la situaci\u00f3n.<\/p>\n<p>Esta acci\u00f3n educativa forma parte del programa formativo en emergencias sanitarias que desarrolla el SUC en numerosos centros escolares del Archipi\u00e9lago desde hace varios a\u00f1os y en el que se ense\u00f1a a los alumnos las t\u00e9cnicas b\u00e1sicas de primeros auxilios, as\u00ed como conocer como se realiza un masaje cardiaco. Con esta actividad, el SUC pretende que el menor sepa activar correctamente a los servicios de emergencia, reaccione de forma eficaz y pueda prestar ayuda hasta la llegada de los profesionales.<\/p>\n<p>\u00a0<\/p>\n<div class=\"pvc_clear\"><\/div>\n<p id=\"pvc_stats_3322\" class=\"pvc_stats all  \" data-element-id=\"3322\" style=\"\"><i class=\"pvc-stats-icon medium\" aria-hidden=\"true\"><svg aria-hidden=\"true\" focusable=\"false\" data-prefix=\"far\" data-icon=\"chart-bar\" role=\"img\" xmlns=\"http:\/\/www.w3.org\/2000\/svg\" viewBox=\"0 0 512 512\" class=\"svg-inline--fa fa-chart-bar fa-w-16 fa-2x\"><path fill=\"currentColor\" d=\"M396.8 352h22.4c6.4 0 12.8-6.4 12.8-12.8V108.8c0-6.4-6.4-12.8-12.8-12.8h-22.4c-6.4 0-12.8 6.4-12.8 12.8v230.4c0 6.4 6.4 12.8 12.8 12.8zm-192 0h22.4c6.4 0 12.8-6.4 12.8-12.8V140.8c0-6.4-6.4-12.8-12.8-12.8h-22.4c-6.4 0-12.8 6.4-12.8 12.8v198.4c0 6.4 6.4 12.8 12.8 12.8zm96 0h22.4c6.4 0 12.8-6.4 12.8-12.8V204.8c0-6.4-6.4-12.8-12.8-12.8h-22.4c-6.4 0-12.8 6.4-12.8 12.8v134.4c0 6.4 6.4 12.8 12.8 12.8zM496 400H48V80c0-8.84-7.16-16-16-16H16C7.16 64 0 71.16 0 80v336c0 17.67 14.33 32 32 32h464c8.84 0 16-7.16 16-16v-16c0-8.84-7.16-16-16-16zm-387.2-48h22.4c6.4 0 12.8-6.4 12.8-12.8v-70.4c0-6.4-6.4-12.8-12.8-12.8h-22.4c-6.4 0-12.8 6.4-12.8 12.8v70.4c0 6.4 6.4 12.8 12.8 12.8z\" class=\"\"><\/path><\/svg><\/i> <\/p>\n<div class=\"pvc_clear\"><\/div>\n<div class=\"print\"><span class=\"page_title\">P\u00e1gina: <span>Un centenar de alumnos del CEIP El Card\u00f3n reciben formaci\u00f3n en primeros auxilios por parte del SUC<\/span><\/span>\n\t\t\t\t\t\t\t\t\t\t\t<span class=\"stmp_trans_date\">\u00daltima actualizaci\u00f3n: <span>28\/04\/2017 - 06:00:00<\/span><\/span>\n\t\t\t\t\t\t\t\t\t\t\t<span class=\"stmp_trans_date\">Fecha publicaci\u00f3n: <span>28\/04\/2017 - 06:00:00<\/span><\/span>\n\t\t\t\t\t\t\t\t\t\t\t<span class=\"stmp_trans_date\">Fecha creaci\u00f3n: <span>28\/04\/2017 - 06:00:00<\/span><\/span><\/div>","protected":false},"excerpt":{"rendered":"<p>Un centenar de alumnos del CEIP El Card\u00f3n reciben formaci\u00f3n en primeros auxilios por parte del SUC El personal sanitario de este servicio acudi\u00f3, esta ma\u00f1ana, al centro escolar en Vecindario y ofreci\u00f3 una charla y un taller a los alumnos de 5\u00aa y 6\u00ba&#8230;<\/p>\n<div class=\"pvc_clear\"><\/div>\n<p id=\"pvc_stats_3322\" class=\"pvc_stats all  \" data-element-id=\"3322\" style=\"\"><i class=\"pvc-stats-icon medium\" aria-hidden=\"true\"><svg aria-hidden=\"true\" focusable=\"false\" data-prefix=\"far\" data-icon=\"chart-bar\" role=\"img\" xmlns=\"http:\/\/www.w3.org\/2000\/svg\" viewBox=\"0 0 512 512\" class=\"svg-inline--fa fa-chart-bar fa-w-16 fa-2x\"><path fill=\"currentColor\" d=\"M396.8 352h22.4c6.4 0 12.8-6.4 12.8-12.8V108.8c0-6.4-6.4-12.8-12.8-12.8h-22.4c-6.4 0-12.8 6.4-12.8 12.8v230.4c0 6.4 6.4 12.8 12.8 12.8zm-192 0h22.4c6.4 0 12.8-6.4 12.8-12.8V140.8c0-6.4-6.4-12.8-12.8-12.8h-22.4c-6.4 0-12.8 6.4-12.8 12.8v198.4c0 6.4 6.4 12.8 12.8 12.8zm96 0h22.4c6.4 0 12.8-6.4 12.8-12.8V204.8c0-6.4-6.4-12.8-12.8-12.8h-22.4c-6.4 0-12.8 6.4-12.8 12.8v134.4c0 6.4 6.4 12.8 12.8 12.8zM496 400H48V80c0-8.84-7.16-16-16-16H16C7.16 64 0 71.16 0 80v336c0 17.67 14.33 32 32 32h464c8.84 0 16-7.16 16-16v-16c0-8.84-7.16-16-16-16zm-387.2-48h22.4c6.4 0 12.8-6.4 12.8-12.8v-70.4c0-6.4-6.4-12.8-12.8-12.8h-22.4c-6.4 0-12.8 6.4-12.8 12.8v70.4c0 6.4 6.4 12.8 12.8 12.8z\" class=\"\"><\/path><\/svg><\/i> <img loading=\"lazy\" decoding=\"async\" width=\"16\" height=\"16\" alt=\"Loading\" src=\"https:\/\/www.succanarias.com\/suc\/wp-content\/plugins\/page-views-count\/ajax-loader-2x.gif\" border=0 \/><\/p>\n<div class=\"pvc_clear\"><\/div>\n","protected":false},"author":1,"featured_media":0,"comment_status":"open","ping_status":"open","sticky":false,"template":"","format":"standard","meta":{"footnotes":""},"categories":[3782],"tags":[3991,3786,4222,3915,4220,3784,3783,3785,4038],"class_list":["post-3322","post","type-post","status-publish","format-standard","has-post-thumbnail","hentry","category-ultimas-noticias","tag-alumnos","tag-canario","tag-ceip-el-cardon","tag-formacion","tag-gsc","tag-servicio","tag-suc","tag-urgencias","tag-visita"],"_links":{"self":[{"href":"https:\/\/www.succanarias.com\/suc\/wp-json\/wp\/v2\/posts\/3322","targetHints":{"allow":["GET"]}}],"collection":[{"href":"https:\/\/www.succanarias.com\/suc\/wp-json\/wp\/v2\/posts"}],"about":[{"href":"https:\/\/www.succanarias.com\/suc\/wp-json\/wp\/v2\/types\/post"}],"author":[{"embeddable":true,"href":"https:\/\/www.succanarias.com\/suc\/wp-json\/wp\/v2\/users\/1"}],"replies":[{"embeddable":true,"href":"https:\/\/www.succanarias.com\/suc\/wp-json\/wp\/v2\/comments?post=3322"}],"version-history":[{"count":0,"href":"https:\/\/www.succanarias.com\/suc\/wp-json\/wp\/v2\/posts\/3322\/revisions"}],"wp:attachment":[{"href":"https:\/\/www.succanarias.com\/suc\/wp-json\/wp\/v2\/media?parent=3322"}],"wp:term":[{"taxonomy":"category","embeddable":true,"href":"https:\/\/www.succanarias.com\/suc\/wp-json\/wp\/v2\/categories?post=3322"},{"taxonomy":"post_tag","embeddable":true,"href":"https:\/\/www.succanarias.com\/suc\/wp-json\/wp\/v2\/tags?post=3322"}],"curies":[{"name":"wp","href":"https:\/\/api.w.org\/{rel}","templated":true}]}}