{"id":3365,"date":"2018-04-12T06:00:00","date_gmt":"2018-04-12T06:00:00","guid":{"rendered":"http:\/\/www.succanarias.com\/suc\/alumnos-de-tecnico-en-emergencias-sanitarias-completan-su-formacion-practica-en-las-ambulancias-del-suc\/"},"modified":"2018-04-12T06:00:00","modified_gmt":"2018-04-12T06:00:00","slug":"alumnos-de-tecnico-en-emergencias-sanitarias-completan-su-formacion-practica-en-las-ambulancias-del-suc","status":"publish","type":"post","link":"https:\/\/www.succanarias.com\/suc\/alumnos-de-tecnico-en-emergencias-sanitarias-completan-su-formacion-practica-en-las-ambulancias-del-suc\/","title":{"rendered":"Alumnos de T\u00e9cnico en Emergencias Sanitarias completan su formaci\u00f3n pr\u00e1ctica en las ambulancias del SUC"},"content":{"rendered":"<p style=\"text-align: justify;\"><\/p>\n<p style=\"text-align: justify;\"><strong>Alumnos de T\u00e9cnico en Emergencias Sanitarias completan su formaci\u00f3n pr\u00e1ctica en las ambulancias del SUC<\/strong><\/p>\n<p style=\"text-align: justify;\">Los estudiantes comprueban en incidentes reales cu\u00e1les son los protocolos de actuaci\u00f3n que ponen en pr\u00e1ctica los TES y se familiarizan con la aparatolog\u00eda y el material con el cuentan los recursos sanitarios<\/p>\n<p style=\"text-align: justify;\">M\u00e9dicos de familia e intensivistas que realizan su periodo de residencia y enfermeros completan tambi\u00e9n su formaci\u00f3n en los recursos de soporte vital avanzado.<\/p>\n<p style=\"text-align: justify;\">Durante el presente curso m\u00e1s de un centenar de alumnos que finalizan el ciclo de T\u00e9cnico en Emergencias Sanitarias (TES) en diferentes institutos de las islas, realizan su periodo de pr\u00e1cticas en ambulancias de soporte vital b\u00e1sico del Servicio de Urgencias Canario (SUC), dependiente de la Consejer\u00eda de Sanidad del Gobierno de Canarias.<\/p>\n<p style=\"text-align: justify;\">Mediante esta formaci\u00f3n, los alumnos, procedentes de los IES Los Gladiolos, Manuel Gonz\u00e1lez P\u00e9rez y Magallanes, en Tenerife; Virgen de las Nieves en La Palma; el CIFP Villa de Ag\u00fcimes y los IES Primero de Mayo y Gu\u00eda en Gran Canaria, as\u00ed como del centro de Formaci\u00f3n Profesional INFORPRO, en sus diferentes sedes, pueden comprobar en casos reales, tanto en la v\u00eda p\u00fablica como en domicilios, cu\u00e1l es el trabajo que desarrollar\u00e1n cuando se incorporen al mercado laboral.<\/p>\n<p style=\"text-align: justify;\">En este periodo formativo, que se prolonga durante 346 horas repartidas en turnos durante un trimestre, profundizan en el manejo de la aparatolog\u00eda y el material con el que cuentan estos recursos sanitarios. Junto a la dotaci\u00f3n de estas ambulancias, compuesta por dos t\u00e9cnicos de emergencias sanitarias, los estudiantes acuden a todos los servicios en los que sea activada, comprobando as\u00ed los protocolos de intervenci\u00f3n que siguen y con la oportunidad de solventar todas las dudas tras la finalizaci\u00f3n de la atenci\u00f3n prestada.<\/p>\n<p style=\"text-align: justify;\">Incorporan adem\u00e1s conocimientos pr\u00e1cticos sobre la coordinaci\u00f3n de los recursos, comunicaciones con la sala operativa, t\u00e9cnicas de movilizaci\u00f3n y de inmovilizaci\u00f3n del paciente y transporte sanitario, as\u00ed como valoraci\u00f3n y asistencia del paciente durante el traslado.<br \/>Colaboraci\u00f3n en la formaci\u00f3n de otros colectivos<br \/>En este sentido, el Servicio de Urgencias Canario tambi\u00e9n colabora en la formaci\u00f3n pr\u00e1ctica de alumnos universitarios y otros colectivos profesionales. Ese es el caso de m\u00e9dicos de familia e intensivistas que realizan su periodo de residencia, as\u00ed como enfermeros que se forman en los hospitales universitarios de las islas y que completan sus conocimientos en los recursos de soporte vital avanzado del SUC.<\/p>\n<p style=\"text-align: justify;\">De la misma manera, profesionales sanitarios del ejercito del Mando de Canarias realizan sus pr\u00e1cticas desde el pasado a\u00f1o en ambulancias de transporte sanitario urgente del SUC en las islas de Fuerteventura, Gran Canaria y Tenerife, en virtud del Convenio de colaboraci\u00f3n firmado recientemente entre ambas instituciones, que se mantendr\u00e1 vigente durante los pr\u00f3ximos a\u00f1os.<\/p>\n<div class=\"pvc_clear\"><\/div>\n<p id=\"pvc_stats_3365\" class=\"pvc_stats all  \" data-element-id=\"3365\" style=\"\"><i class=\"pvc-stats-icon medium\" aria-hidden=\"true\"><svg aria-hidden=\"true\" focusable=\"false\" data-prefix=\"far\" data-icon=\"chart-bar\" role=\"img\" xmlns=\"http:\/\/www.w3.org\/2000\/svg\" viewBox=\"0 0 512 512\" class=\"svg-inline--fa fa-chart-bar fa-w-16 fa-2x\"><path fill=\"currentColor\" d=\"M396.8 352h22.4c6.4 0 12.8-6.4 12.8-12.8V108.8c0-6.4-6.4-12.8-12.8-12.8h-22.4c-6.4 0-12.8 6.4-12.8 12.8v230.4c0 6.4 6.4 12.8 12.8 12.8zm-192 0h22.4c6.4 0 12.8-6.4 12.8-12.8V140.8c0-6.4-6.4-12.8-12.8-12.8h-22.4c-6.4 0-12.8 6.4-12.8 12.8v198.4c0 6.4 6.4 12.8 12.8 12.8zm96 0h22.4c6.4 0 12.8-6.4 12.8-12.8V204.8c0-6.4-6.4-12.8-12.8-12.8h-22.4c-6.4 0-12.8 6.4-12.8 12.8v134.4c0 6.4 6.4 12.8 12.8 12.8zM496 400H48V80c0-8.84-7.16-16-16-16H16C7.16 64 0 71.16 0 80v336c0 17.67 14.33 32 32 32h464c8.84 0 16-7.16 16-16v-16c0-8.84-7.16-16-16-16zm-387.2-48h22.4c6.4 0 12.8-6.4 12.8-12.8v-70.4c0-6.4-6.4-12.8-12.8-12.8h-22.4c-6.4 0-12.8 6.4-12.8 12.8v70.4c0 6.4 6.4 12.8 12.8 12.8z\" class=\"\"><\/path><\/svg><\/i> <\/p>\n<div class=\"pvc_clear\"><\/div>\n<div class=\"print\"><span class=\"page_title\">P\u00e1gina: <span>Alumnos de T\u00e9cnico en Emergencias Sanitarias completan su formaci\u00f3n pr\u00e1ctica en las ambulancias del SUC<\/span><\/span>\n\t\t\t\t\t\t\t\t\t\t\t<span class=\"stmp_trans_date\">\u00daltima actualizaci\u00f3n: <span>12\/04\/2018 - 06:00:00<\/span><\/span>\n\t\t\t\t\t\t\t\t\t\t\t<span class=\"stmp_trans_date\">Fecha publicaci\u00f3n: <span>12\/04\/2018 - 06:00:00<\/span><\/span>\n\t\t\t\t\t\t\t\t\t\t\t<span class=\"stmp_trans_date\">Fecha creaci\u00f3n: <span>12\/04\/2018 - 06:00:00<\/span><\/span><\/div>","protected":false},"excerpt":{"rendered":"<p>Alumnos de T\u00e9cnico en Emergencias Sanitarias completan su formaci\u00f3n pr\u00e1ctica en las ambulancias del SUC Los estudiantes comprueban en incidentes reales cu\u00e1les son los protocolos de actuaci\u00f3n que ponen en pr\u00e1ctica los TES y se familiarizan con la aparatolog\u00eda y el material con el cuentan&#8230;<\/p>\n<div class=\"pvc_clear\"><\/div>\n<p id=\"pvc_stats_3365\" class=\"pvc_stats all  \" data-element-id=\"3365\" style=\"\"><i class=\"pvc-stats-icon medium\" aria-hidden=\"true\"><svg aria-hidden=\"true\" focusable=\"false\" data-prefix=\"far\" data-icon=\"chart-bar\" role=\"img\" xmlns=\"http:\/\/www.w3.org\/2000\/svg\" viewBox=\"0 0 512 512\" class=\"svg-inline--fa fa-chart-bar fa-w-16 fa-2x\"><path fill=\"currentColor\" d=\"M396.8 352h22.4c6.4 0 12.8-6.4 12.8-12.8V108.8c0-6.4-6.4-12.8-12.8-12.8h-22.4c-6.4 0-12.8 6.4-12.8 12.8v230.4c0 6.4 6.4 12.8 12.8 12.8zm-192 0h22.4c6.4 0 12.8-6.4 12.8-12.8V140.8c0-6.4-6.4-12.8-12.8-12.8h-22.4c-6.4 0-12.8 6.4-12.8 12.8v198.4c0 6.4 6.4 12.8 12.8 12.8zm96 0h22.4c6.4 0 12.8-6.4 12.8-12.8V204.8c0-6.4-6.4-12.8-12.8-12.8h-22.4c-6.4 0-12.8 6.4-12.8 12.8v134.4c0 6.4 6.4 12.8 12.8 12.8zM496 400H48V80c0-8.84-7.16-16-16-16H16C7.16 64 0 71.16 0 80v336c0 17.67 14.33 32 32 32h464c8.84 0 16-7.16 16-16v-16c0-8.84-7.16-16-16-16zm-387.2-48h22.4c6.4 0 12.8-6.4 12.8-12.8v-70.4c0-6.4-6.4-12.8-12.8-12.8h-22.4c-6.4 0-12.8 6.4-12.8 12.8v70.4c0 6.4 6.4 12.8 12.8 12.8z\" class=\"\"><\/path><\/svg><\/i> <img loading=\"lazy\" decoding=\"async\" width=\"16\" height=\"16\" alt=\"Loading\" src=\"https:\/\/www.succanarias.com\/suc\/wp-content\/plugins\/page-views-count\/ajax-loader-2x.gif\" border=0 \/><\/p>\n<div class=\"pvc_clear\"><\/div>\n","protected":false},"author":1,"featured_media":0,"comment_status":"open","ping_status":"open","sticky":false,"template":"","format":"standard","meta":{"footnotes":""},"categories":[3782],"tags":[3991,3941,4027,3783,4273],"class_list":["post-3365","post","type-post","status-publish","format-standard","has-post-thumbnail","hentry","category-ultimas-noticias","tag-alumnos","tag-ambulancias","tag-practicas","tag-suc","tag-tes"],"_links":{"self":[{"href":"https:\/\/www.succanarias.com\/suc\/wp-json\/wp\/v2\/posts\/3365","targetHints":{"allow":["GET"]}}],"collection":[{"href":"https:\/\/www.succanarias.com\/suc\/wp-json\/wp\/v2\/posts"}],"about":[{"href":"https:\/\/www.succanarias.com\/suc\/wp-json\/wp\/v2\/types\/post"}],"author":[{"embeddable":true,"href":"https:\/\/www.succanarias.com\/suc\/wp-json\/wp\/v2\/users\/1"}],"replies":[{"embeddable":true,"href":"https:\/\/www.succanarias.com\/suc\/wp-json\/wp\/v2\/comments?post=3365"}],"version-history":[{"count":0,"href":"https:\/\/www.succanarias.com\/suc\/wp-json\/wp\/v2\/posts\/3365\/revisions"}],"wp:attachment":[{"href":"https:\/\/www.succanarias.com\/suc\/wp-json\/wp\/v2\/media?parent=3365"}],"wp:term":[{"taxonomy":"category","embeddable":true,"href":"https:\/\/www.succanarias.com\/suc\/wp-json\/wp\/v2\/categories?post=3365"},{"taxonomy":"post_tag","embeddable":true,"href":"https:\/\/www.succanarias.com\/suc\/wp-json\/wp\/v2\/tags?post=3365"}],"curies":[{"name":"wp","href":"https:\/\/api.w.org\/{rel}","templated":true}]}}