{"id":3373,"date":"2018-07-25T06:00:00","date_gmt":"2018-07-25T06:00:00","guid":{"rendered":"http:\/\/www.succanarias.com\/suc\/el-suc-recuerda-como-prevenir-y-actuar-ante-las-insolaciones\/"},"modified":"2018-07-25T06:00:00","modified_gmt":"2018-07-25T06:00:00","slug":"el-suc-recuerda-como-prevenir-y-actuar-ante-las-insolaciones","status":"publish","type":"post","link":"https:\/\/www.succanarias.com\/suc\/el-suc-recuerda-como-prevenir-y-actuar-ante-las-insolaciones\/","title":{"rendered":"El SUC recuerda c\u00f3mo prevenir y actuar ante las insolaciones"},"content":{"rendered":"<p style=\"text-align: justify;\"><\/p>\n<p style=\"text-align: justify;\"><strong>En los casos de menor gravedad se manifiesta con dolor de cabeza, cara congestionada, sensaci\u00f3n de fatiga, n\u00e1useas o v\u00f3mitos, sed intensa y sudoraci\u00f3n abundante<\/strong><\/p>\n<p style=\"text-align: justify;\">El Servicio de Urgencias Canario (SUC), dependiente de la Consejer\u00eda de Sanidad del Gobierno de Canarias, recuerda que -al igual que en otras situaciones de emergencias- en el caso de la insolaci\u00f3n o golpe de calor la prevenci\u00f3n juega un papal muy importante. Por este motivo recomienda a los ciudadanos que est\u00e9n atentos a las alertas por altas temperaturas y sigan las recomendaciones que establece el Gobierno de Canarias como evitar la exposici\u00f3n al sol en horas de mayor intensidad -de 12:00 a 17:00 horas-, utilizar gorras, ropa fresca, no realizar ejercicio f\u00edsico intenso bajo el sol o en las horas de m\u00e1s calor y tomar l\u00edquidos con frecuencia como el agua.<\/p>\n<p style=\"text-align: justify;\">Adem\u00e1s, los m\u00e9dicos coordinadores del SUC insisten en la importancia de actuar ante la aparici\u00f3n de los primeros s\u00edntomas, que var\u00edan en funci\u00f3n de la gravedad del cuadro, para evitar situaciones de emergencia que hagan peligrar la vida de los afectados.<\/p>\n<p style=\"text-align: justify;\">En los episodios de menor gravedad se manifiesta con dolor de cabeza, cara congestionada, sensaci\u00f3n de fatiga, n\u00e1useas o v\u00f3mitos, sed intensa y sudoraci\u00f3n abundante, mientras que en los casos graves no existe sudoraci\u00f3n, sino que la piel est\u00e1 seca, caliente y enrojecida. Adem\u00e1s hay riesgo de convulsionar, sobre todo, en los ni\u00f1os menores de 3 a\u00f1os, y de provocar alteraciones de conciencia.<\/p>\n<p style=\"text-align: justify;\">Ante la aparici\u00f3n de los primeros s\u00edntomas, los m\u00e9dicos coordinadores del SUC se\u00f1alan que hay que colocar a la persona afectada a la sombra, en un lugar fresco y ventilado. A continuaci\u00f3n, recomiendan poner pa\u00f1os h\u00famedos en la frente y flexuras (mu\u00f1ecas, ingles\u2026) y suministrar agua, pero bebi\u00e9ndola a peque\u00f1os sorbos, salvo en el caso de que exista alteraci\u00f3n de conciencia, estado en el que no se debe suministrar nada a la persona y se debe colocarla en Posici\u00f3n Lateral de Seguridad. Asimismo, si el afectado est\u00e1 consciente, se debe poner a la persona en posici\u00f3n de antishock, es decir, tumbado boca arriba con las piernas ligeramente levantadas y la cabeza ladeada. <\/p>\n<p>En el caso de que los s\u00edntomas fueran m\u00e1s graves -piel seca y caliente, convulsiones o alteraci\u00f3n de conciencia-, hay que alertar urgentemente al tel\u00e9fono de emergencias 1-1-2 ya que podemos estar ante una emergencia, llegando a ocasionar incluso la muerte debido a un fallo generalizado de los mecanismos que regulan la temperatura corporal.<\/p>\n<p style=\"text-align: justify;\">Por \u00faltimo, el SUC recuerda que los grupos m\u00e1s susceptibles de sufrir una insolaci\u00f3n o un golpe de calor son los ni\u00f1os y las personas mayores, ya que en estas edades el organismo tiene m\u00e1s dificultad para regular la temperatura del cuerpo. En este sentido hay que se\u00f1alar que los ancianos presentan adem\u00e1s atrofia de gl\u00e1ndulas sudor\u00edparas y fol\u00edculos pilosos por lo cual el mecanismo de enfriamiento natural contra el calor lo tienen anulado lo que hace que debamos extremar la precauci\u00f3n en las horas de mayor intensidad solar.<\/p>\n<p style=\"text-align: justify;\">Asimismo, se debe tener en cuenta que existen otros factores de riesgo como la toma de diferentes f\u00e1rmacos -diur\u00e9ticos y antihistam\u00ednicos-, o el hecho de padecer ciertas enfermedades como la diabetes, hipertensi\u00f3n, problemas cardiol\u00f3gicos, etc, que tambi\u00e9n pueden influir. En estos casos, se deben extremar las precauciones con las personas m\u00e1s propensas a sufrir algunas de estas patolog\u00edas, aport\u00e1ndoles l\u00edquidos de forma peri\u00f3dica y procurando refrescar la habitaci\u00f3n en la que se encuentran.<\/p>\n<div class=\"pvc_clear\"><\/div>\n<p id=\"pvc_stats_3373\" class=\"pvc_stats all  \" data-element-id=\"3373\" style=\"\"><i class=\"pvc-stats-icon medium\" aria-hidden=\"true\"><svg aria-hidden=\"true\" focusable=\"false\" data-prefix=\"far\" data-icon=\"chart-bar\" role=\"img\" xmlns=\"http:\/\/www.w3.org\/2000\/svg\" viewBox=\"0 0 512 512\" class=\"svg-inline--fa fa-chart-bar fa-w-16 fa-2x\"><path fill=\"currentColor\" d=\"M396.8 352h22.4c6.4 0 12.8-6.4 12.8-12.8V108.8c0-6.4-6.4-12.8-12.8-12.8h-22.4c-6.4 0-12.8 6.4-12.8 12.8v230.4c0 6.4 6.4 12.8 12.8 12.8zm-192 0h22.4c6.4 0 12.8-6.4 12.8-12.8V140.8c0-6.4-6.4-12.8-12.8-12.8h-22.4c-6.4 0-12.8 6.4-12.8 12.8v198.4c0 6.4 6.4 12.8 12.8 12.8zm96 0h22.4c6.4 0 12.8-6.4 12.8-12.8V204.8c0-6.4-6.4-12.8-12.8-12.8h-22.4c-6.4 0-12.8 6.4-12.8 12.8v134.4c0 6.4 6.4 12.8 12.8 12.8zM496 400H48V80c0-8.84-7.16-16-16-16H16C7.16 64 0 71.16 0 80v336c0 17.67 14.33 32 32 32h464c8.84 0 16-7.16 16-16v-16c0-8.84-7.16-16-16-16zm-387.2-48h22.4c6.4 0 12.8-6.4 12.8-12.8v-70.4c0-6.4-6.4-12.8-12.8-12.8h-22.4c-6.4 0-12.8 6.4-12.8 12.8v70.4c0 6.4 6.4 12.8 12.8 12.8z\" class=\"\"><\/path><\/svg><\/i> <\/p>\n<div class=\"pvc_clear\"><\/div>\n<div class=\"print\"><span class=\"page_title\">P\u00e1gina: <span>El SUC recuerda c\u00f3mo prevenir y actuar ante las insolaciones<\/span><\/span>\n\t\t\t\t\t\t\t\t\t\t\t<span class=\"stmp_trans_date\">\u00daltima actualizaci\u00f3n: <span>25\/07\/2018 - 06:00:00<\/span><\/span>\n\t\t\t\t\t\t\t\t\t\t\t<span class=\"stmp_trans_date\">Fecha publicaci\u00f3n: <span>25\/07\/2018 - 06:00:00<\/span><\/span>\n\t\t\t\t\t\t\t\t\t\t\t<span class=\"stmp_trans_date\">Fecha creaci\u00f3n: <span>25\/07\/2018 - 06:00:00<\/span><\/span><\/div>","protected":false},"excerpt":{"rendered":"<p>En los casos de menor gravedad se manifiesta con dolor de cabeza, cara congestionada, sensaci\u00f3n de fatiga, n\u00e1useas o v\u00f3mitos, sed intensa y sudoraci\u00f3n abundante El Servicio de Urgencias Canario (SUC), dependiente de la Consejer\u00eda de Sanidad del Gobierno de Canarias, recuerda que -al igual&#8230;<\/p>\n<div class=\"pvc_clear\"><\/div>\n<p id=\"pvc_stats_3373\" class=\"pvc_stats all  \" data-element-id=\"3373\" style=\"\"><i class=\"pvc-stats-icon medium\" aria-hidden=\"true\"><svg aria-hidden=\"true\" focusable=\"false\" data-prefix=\"far\" data-icon=\"chart-bar\" role=\"img\" xmlns=\"http:\/\/www.w3.org\/2000\/svg\" viewBox=\"0 0 512 512\" class=\"svg-inline--fa fa-chart-bar fa-w-16 fa-2x\"><path fill=\"currentColor\" d=\"M396.8 352h22.4c6.4 0 12.8-6.4 12.8-12.8V108.8c0-6.4-6.4-12.8-12.8-12.8h-22.4c-6.4 0-12.8 6.4-12.8 12.8v230.4c0 6.4 6.4 12.8 12.8 12.8zm-192 0h22.4c6.4 0 12.8-6.4 12.8-12.8V140.8c0-6.4-6.4-12.8-12.8-12.8h-22.4c-6.4 0-12.8 6.4-12.8 12.8v198.4c0 6.4 6.4 12.8 12.8 12.8zm96 0h22.4c6.4 0 12.8-6.4 12.8-12.8V204.8c0-6.4-6.4-12.8-12.8-12.8h-22.4c-6.4 0-12.8 6.4-12.8 12.8v134.4c0 6.4 6.4 12.8 12.8 12.8zM496 400H48V80c0-8.84-7.16-16-16-16H16C7.16 64 0 71.16 0 80v336c0 17.67 14.33 32 32 32h464c8.84 0 16-7.16 16-16v-16c0-8.84-7.16-16-16-16zm-387.2-48h22.4c6.4 0 12.8-6.4 12.8-12.8v-70.4c0-6.4-6.4-12.8-12.8-12.8h-22.4c-6.4 0-12.8 6.4-12.8 12.8v70.4c0 6.4 6.4 12.8 12.8 12.8z\" class=\"\"><\/path><\/svg><\/i> <img loading=\"lazy\" decoding=\"async\" width=\"16\" height=\"16\" alt=\"Loading\" src=\"https:\/\/www.succanarias.com\/suc\/wp-content\/plugins\/page-views-count\/ajax-loader-2x.gif\" border=0 \/><\/p>\n<div class=\"pvc_clear\"><\/div>\n","protected":false},"author":1,"featured_media":0,"comment_status":"open","ping_status":"open","sticky":false,"template":"","format":"standard","meta":{"footnotes":""},"categories":[3782],"tags":[3898,3786,4177,4281,4282,4200,3784,3783,3785],"class_list":["post-3373","post","type-post","status-publish","format-standard","has-post-thumbnail","hentry","category-ultimas-noticias","tag-1-1-2","tag-canario","tag-como","tag-insolaciones","tag-know-how","tag-prevencion","tag-servicio","tag-suc","tag-urgencias"],"_links":{"self":[{"href":"https:\/\/www.succanarias.com\/suc\/wp-json\/wp\/v2\/posts\/3373","targetHints":{"allow":["GET"]}}],"collection":[{"href":"https:\/\/www.succanarias.com\/suc\/wp-json\/wp\/v2\/posts"}],"about":[{"href":"https:\/\/www.succanarias.com\/suc\/wp-json\/wp\/v2\/types\/post"}],"author":[{"embeddable":true,"href":"https:\/\/www.succanarias.com\/suc\/wp-json\/wp\/v2\/users\/1"}],"replies":[{"embeddable":true,"href":"https:\/\/www.succanarias.com\/suc\/wp-json\/wp\/v2\/comments?post=3373"}],"version-history":[{"count":0,"href":"https:\/\/www.succanarias.com\/suc\/wp-json\/wp\/v2\/posts\/3373\/revisions"}],"wp:attachment":[{"href":"https:\/\/www.succanarias.com\/suc\/wp-json\/wp\/v2\/media?parent=3373"}],"wp:term":[{"taxonomy":"category","embeddable":true,"href":"https:\/\/www.succanarias.com\/suc\/wp-json\/wp\/v2\/categories?post=3373"},{"taxonomy":"post_tag","embeddable":true,"href":"https:\/\/www.succanarias.com\/suc\/wp-json\/wp\/v2\/tags?post=3373"}],"curies":[{"name":"wp","href":"https:\/\/api.w.org\/{rel}","templated":true}]}}